{"id":858,"date":"2012-02-04T19:27:13","date_gmt":"2012-02-04T19:27:13","guid":{"rendered":"http:\/\/www.komiza-zambarlin.hr\/?p=858"},"modified":"2023-03-03T17:24:16","modified_gmt":"2023-03-03T17:24:16","slug":"dru%c5%beenje-uz-pachwork-u-ba%c5%a1ti","status":"publish","type":"post","link":"https:\/\/www.komiza-zambarlin.hr\/en\/858\/dru%c5%beenje-uz-pachwork-u-ba%c5%a1ti\/","title":{"rendered":"Dru\u017eenje uz patchwork u Ba\u0161ti"},"content":{"rendered":"<p>Da samo znate kako mi je \u017eao \u0161to igla za \u0161ivanje, konac i ja ba\u0161 nismo na ti. Nikad mi to nije i\u0161lo od ruke i nije mi ni bilo \u017eao, ali nakon \u0161to sam u ova zadnja dva mjeseca u nekoliko navrata boravila u Ba\u0161ti \u2013 trenutnom centru doga\u0111anja u Komi\u017ei i te kako mi je \u017eao. Svaki boravak u Ba\u0161ti napuni me pozitivnom energijom. U\u017eivam gledati na\u0161e komi\u0161ke \u017eene, cure i none\u00a0 kako zajedno u smijehu i veselju, \u00a0kroje, sla\u017eu, inbazdavaju i \u0161ivaju prekrasne kreativne radove od krpica. Nakon odr\u017eane radionice patchworka, zavr\u0161ne izlo\u017ebe i dru\u017eenja, vridne na\u0161e nisu stale. I dalje su tu, zajedno\u00a0 i ne\u0161to prelijepo pripremaju. Njih \u0161esnaest polaznica izradile su svaka svoj \u0161areni\u00a0 kvadrati\u0107 , koje su povezale u zajedni\u010dki prekriva\u010d. Prisustvovala sam kad se prekriva\u010d po prvi put\u00a0 okrenuo na pravu stranu i pokazao u punom sjaju. Odu\u0161evljenje je zavladalo, a i imalo je za\u0161to.<\/p>\n<p>Drage na\u0161e samo nastavite va\u0161e dru\u017eenje i kretivni rad, a ja \u0107u vas i dalje iz prikrajka pratiti, diviti se, ponekad uslikati i uloviti trenutak da poka\u017eemo kako u na\u0161oj lipoj Komi\u017ei nikad dosadno nije.<\/p>\n","protected":false},"excerpt":{"rendered":"<p>Da samo znate kako mi je \u017eao \u0161to igla za \u0161ivanje, konac i ja ba\u0161 nismo na ti.... <\/p>\n","protected":false},"author":2,"featured_media":870,"comment_status":"closed","ping_status":"closed","sticky":false,"template":"","format":"standard","meta":{"footnotes":""},"categories":[3],"tags":[],"class_list":["post-858","post","type-post","status-publish","format-standard","has-post-thumbnail","hentry","category-uncategorized-hr"],"_links":{"self":[{"href":"https:\/\/www.komiza-zambarlin.hr\/en\/wp-json\/wp\/v2\/posts\/858","targetHints":{"allow":["GET"]}}],"collection":[{"href":"https:\/\/www.komiza-zambarlin.hr\/en\/wp-json\/wp\/v2\/posts"}],"about":[{"href":"https:\/\/www.komiza-zambarlin.hr\/en\/wp-json\/wp\/v2\/types\/post"}],"author":[{"embeddable":true,"href":"https:\/\/www.komiza-zambarlin.hr\/en\/wp-json\/wp\/v2\/users\/2"}],"replies":[{"embeddable":true,"href":"https:\/\/www.komiza-zambarlin.hr\/en\/wp-json\/wp\/v2\/comments?post=858"}],"version-history":[{"count":0,"href":"https:\/\/www.komiza-zambarlin.hr\/en\/wp-json\/wp\/v2\/posts\/858\/revisions"}],"wp:featuredmedia":[{"embeddable":true,"href":"https:\/\/www.komiza-zambarlin.hr\/en\/wp-json\/wp\/v2\/media\/870"}],"wp:attachment":[{"href":"https:\/\/www.komiza-zambarlin.hr\/en\/wp-json\/wp\/v2\/media?parent=858"}],"wp:term":[{"taxonomy":"category","embeddable":true,"href":"https:\/\/www.komiza-zambarlin.hr\/en\/wp-json\/wp\/v2\/categories?post=858"},{"taxonomy":"post_tag","embeddable":true,"href":"https:\/\/www.komiza-zambarlin.hr\/en\/wp-json\/wp\/v2\/tags?post=858"}],"curies":[{"name":"wp","href":"https:\/\/api.w.org\/{rel}","templated":true}]}}